{"id":736,"date":"2015-12-12T22:04:13","date_gmt":"2015-12-12T22:04:13","guid":{"rendered":"http:\/\/fallacarteros.com\/?p=736"},"modified":"2015-12-12T22:07:54","modified_gmt":"2015-12-12T22:07:54","slug":"actividades-infantiles-para-esta-navidades","status":"publish","type":"post","link":"http:\/\/fallacarteros.com\/?p=736","title":{"rendered":"Actividades Infantiles para esta navidades"},"content":{"rendered":"<p>&nbsp;<\/p>\n<table width=\"615\">\n<tbody>\n<tr>\n<td colspan=\"3\" width=\"615\">\n<h2 style=\"text-align: center;\"><span style=\"text-decoration: underline; color: #000080;\"><em><strong>PROGRAMACI\u00d3N INFANTIL DE NAVIDAD FALLA CARTEROS<\/strong><\/em><\/span><\/h2>\n<\/td>\n<\/tr>\n<tr>\n<td style=\"text-align: left;\" width=\"171\">DIA<\/td>\n<td style=\"text-align: left;\" width=\"47\">HORA<\/td>\n<td style=\"text-align: left;\" width=\"397\"><\/td>\n<\/tr>\n<tr>\n<td width=\"171\"><\/td>\n<td width=\"47\"><\/td>\n<td width=\"397\"><\/td>\n<\/tr>\n<tr>\n<td width=\"171\">VIERNES 11 DICIEMBRE<\/td>\n<td width=\"47\">18:30\u00a0\u00a0\u00a0\u00a0\u00a0\u00a0\u00a0\u00a0\u00a0\u00a0\u00a0\u00a0\u00a0\u00a0\u00a0\u00a0 19:00<\/td>\n<td width=\"397\">Inauguraci\u00f3n del BEL\u00c9N<\/p>\n<p>CHOCOLAT\u00c0 ofrecida por nuestras F.M.\u00a0 Rosana y Nuria para toda la comisi\u00f3n.<\/td>\n<\/tr>\n<tr>\n<td width=\"171\">JUEVES 10 DICIEMBRE<\/td>\n<td width=\"47\">21:30<\/td>\n<td width=\"397\">Campeonato Bolos mayores femenino y masculino<\/td>\n<\/tr>\n<tr>\n<td width=\"171\">VIERNES 18 DICIEMBRE<\/td>\n<td width=\"47\">18:30<\/td>\n<td width=\"397\">CUMPLEMES<\/p>\n<p>TALLERES DE NAVIDAD: Los ni\u00f1os realizaran motivos navide\u00f1os que luego colgar\u00e1n en el \u00e1rbol de navidad<\/td>\n<\/tr>\n<tr>\n<td width=\"171\">DOMINGO 20\u00a0 DICIEMBRE<\/td>\n<td width=\"47\">11:00<\/td>\n<td width=\"397\">CAMPEONATO BOLOS\u00a0 Infantil y Final Mayores<\/td>\n<\/tr>\n<tr>\n<td width=\"171\">MIERCOLES 23 DICIEMBRE<\/td>\n<td width=\"47\">18:00<\/td>\n<td width=\"397\">PAPA NOEL visitar\u00e1 la Falla Carteros cargadito de golosinas<\/td>\n<\/tr>\n<tr>\n<td width=\"171\">SABADO 26 DICIEMBRE<\/td>\n<td width=\"47\">20:00<\/td>\n<td width=\"397\">NOCHEVIEJA INFANTIL:\u00a0 Todos los ni\u00f1os vestidos de gala para despedir el a\u00f1o<\/td>\n<\/tr>\n<tr>\n<td width=\"171\">DOMINGO 27\u00a0 DICIEMBRE<\/td>\n<td width=\"47\">17:00<\/td>\n<td width=\"397\">LA FALLA SE VA AL\u00a0 *CIRCO ALASKA*<\/td>\n<\/tr>\n<tr>\n<td width=\"171\">DOMINGO\u00a0 03 ENERO<\/td>\n<td width=\"47\">10:00<\/td>\n<td width=\"397\">Excursi\u00f3n a EXPOJOVE<\/td>\n<\/tr>\n<tr>\n<td style=\"text-align: left;\" width=\"171\">MARTES 05 ENERO<\/td>\n<td style=\"text-align: left;\" width=\"47\">18:30<\/td>\n<td style=\"text-align: left;\" width=\"397\">LOS REYES MAGOS DE ORIENTE VISITAN LA FALLA CARTEROS<\/td>\n<\/tr>\n<\/tbody>\n<\/table>\n","protected":false},"excerpt":{"rendered":"<p>&nbsp; PROGRAMACI\u00d3N INFANTIL DE NAVIDAD FALLA CARTEROS DIA HORA VIERNES 11 DICIEMBRE 18:30\u00a0\u00a0\u00a0\u00a0\u00a0\u00a0\u00a0\u00a0\u00a0\u00a0\u00a0\u00a0\u00a0\u00a0\u00a0\u00a0 19:00 Inauguraci\u00f3n del BEL\u00c9N CHOCOLAT\u00c0 ofrecida por nuestras F.M.\u00a0 Rosana y Nuria para toda la comisi\u00f3n. JUEVES &hellip; <a href=\"http:\/\/fallacarteros.com\/?p=736\" class=\"more-link\">Seguir leyendo <span class=\"screen-reader-text\">Actividades Infantiles para esta navidades<\/span> <span class=\"meta-nav\">&rarr;<\/span><\/a><\/p>\n","protected":false},"author":1,"featured_media":0,"comment_status":"closed","ping_status":"open","sticky":false,"template":"","format":"standard","meta":{"footnotes":"","jetpack_publicize_message":"","jetpack_is_tweetstorm":false,"jetpack_publicize_feature_enabled":true,"jetpack_social_post_already_shared":false,"jetpack_social_options":{"image_generator_settings":{"template":"highway","enabled":false}}},"categories":[5],"tags":[],"jetpack_publicize_connections":[],"jetpack_sharing_enabled":true,"jetpack_featured_media_url":"","_links":{"self":[{"href":"http:\/\/fallacarteros.com\/index.php?rest_route=\/wp\/v2\/posts\/736"}],"collection":[{"href":"http:\/\/fallacarteros.com\/index.php?rest_route=\/wp\/v2\/posts"}],"about":[{"href":"http:\/\/fallacarteros.com\/index.php?rest_route=\/wp\/v2\/types\/post"}],"author":[{"embeddable":true,"href":"http:\/\/fallacarteros.com\/index.php?rest_route=\/wp\/v2\/users\/1"}],"replies":[{"embeddable":true,"href":"http:\/\/fallacarteros.com\/index.php?rest_route=%2Fwp%2Fv2%2Fcomments&post=736"}],"version-history":[{"count":4,"href":"http:\/\/fallacarteros.com\/index.php?rest_route=\/wp\/v2\/posts\/736\/revisions"}],"predecessor-version":[{"id":740,"href":"http:\/\/fallacarteros.com\/index.php?rest_route=\/wp\/v2\/posts\/736\/revisions\/740"}],"wp:attachment":[{"href":"http:\/\/fallacarteros.com\/index.php?rest_route=%2Fwp%2Fv2%2Fmedia&parent=736"}],"wp:term":[{"taxonomy":"category","embeddable":true,"href":"http:\/\/fallacarteros.com\/index.php?rest_route=%2Fwp%2Fv2%2Fcategories&post=736"},{"taxonomy":"post_tag","embeddable":true,"href":"http:\/\/fallacarteros.com\/index.php?rest_route=%2Fwp%2Fv2%2Ftags&post=736"}],"curies":[{"name":"wp","href":"https:\/\/api.w.org\/{rel}","templated":true}]}}