{"id":662,"date":"2015-09-13T21:36:36","date_gmt":"2015-09-13T21:36:36","guid":{"rendered":"http:\/\/fallacarteros.com\/?p=662"},"modified":"2015-11-21T09:10:35","modified_gmt":"2015-11-21T09:10:35","slug":"proclamacion-falleras-mayores-2016","status":"publish","type":"post","link":"http:\/\/fallacarteros.com\/?p=662","title":{"rendered":"Proclamaci\u00f3n Falleras Mayores 2016"},"content":{"rendered":"<p>Os esperamos a tod@s el pr\u00f3ximo 19 de septiembre para Proclamaci\u00f3n de nuestras Falleras Mayores para el ejercicio 2016.<\/p>\n<p>&nbsp;<\/p>\n<p><a href=\"http:\/\/fallacarteros.com\/wp-content\/uploads\/2015\/09\/CARTEL_PROCLAMA_1516.jpg\"><img loading=\"lazy\" decoding=\"async\" class=\"alignnone size-full wp-image-663\" src=\"http:\/\/fallacarteros.com\/wp-content\/uploads\/2015\/09\/CARTEL_PROCLAMA_1516.jpg\" alt=\"CARTEL_PROCLAMA_1516\" width=\"1353\" height=\"769\" srcset=\"http:\/\/fallacarteros.com\/wp-content\/uploads\/2015\/09\/CARTEL_PROCLAMA_1516.jpg 1353w, http:\/\/fallacarteros.com\/wp-content\/uploads\/2015\/09\/CARTEL_PROCLAMA_1516-300x171.jpg 300w, http:\/\/fallacarteros.com\/wp-content\/uploads\/2015\/09\/CARTEL_PROCLAMA_1516-1024x582.jpg 1024w\" sizes=\"(max-width: 1353px) 100vw, 1353px\" \/><\/a><\/p>\n<p>&nbsp;<\/p>\n","protected":false},"excerpt":{"rendered":"<p>Os esperamos a tod@s el pr\u00f3ximo 19 de septiembre para Proclamaci\u00f3n de nuestras Falleras Mayores para el ejercicio 2016. &nbsp; &nbsp;<\/p>\n","protected":false},"author":1,"featured_media":0,"comment_status":"open","ping_status":"open","sticky":false,"template":"","format":"standard","meta":{"footnotes":"","jetpack_publicize_message":"","jetpack_is_tweetstorm":false,"jetpack_publicize_feature_enabled":true,"jetpack_social_post_already_shared":false,"jetpack_social_options":{"image_generator_settings":{"template":"highway","enabled":false}}},"categories":[2],"tags":[],"jetpack_publicize_connections":[],"jetpack_sharing_enabled":true,"jetpack_featured_media_url":"","_links":{"self":[{"href":"http:\/\/fallacarteros.com\/index.php?rest_route=\/wp\/v2\/posts\/662"}],"collection":[{"href":"http:\/\/fallacarteros.com\/index.php?rest_route=\/wp\/v2\/posts"}],"about":[{"href":"http:\/\/fallacarteros.com\/index.php?rest_route=\/wp\/v2\/types\/post"}],"author":[{"embeddable":true,"href":"http:\/\/fallacarteros.com\/index.php?rest_route=\/wp\/v2\/users\/1"}],"replies":[{"embeddable":true,"href":"http:\/\/fallacarteros.com\/index.php?rest_route=%2Fwp%2Fv2%2Fcomments&post=662"}],"version-history":[{"count":2,"href":"http:\/\/fallacarteros.com\/index.php?rest_route=\/wp\/v2\/posts\/662\/revisions"}],"predecessor-version":[{"id":665,"href":"http:\/\/fallacarteros.com\/index.php?rest_route=\/wp\/v2\/posts\/662\/revisions\/665"}],"wp:attachment":[{"href":"http:\/\/fallacarteros.com\/index.php?rest_route=%2Fwp%2Fv2%2Fmedia&parent=662"}],"wp:term":[{"taxonomy":"category","embeddable":true,"href":"http:\/\/fallacarteros.com\/index.php?rest_route=%2Fwp%2Fv2%2Fcategories&post=662"},{"taxonomy":"post_tag","embeddable":true,"href":"http:\/\/fallacarteros.com\/index.php?rest_route=%2Fwp%2Fv2%2Ftags&post=662"}],"curies":[{"name":"wp","href":"https:\/\/api.w.org\/{rel}","templated":true}]}}