{"id":654,"date":"2015-06-06T21:51:08","date_gmt":"2015-06-06T21:51:08","guid":{"rendered":"http:\/\/fallacarteros.com\/?p=654"},"modified":"2015-11-21T09:13:41","modified_gmt":"2015-11-21T09:13:41","slug":"nombramiento-falleras-mayores-para-el-ejercicio-20152016","status":"publish","type":"post","link":"http:\/\/fallacarteros.com\/?p=654","title":{"rendered":"Nombramiento falleras mayores para el ejercicio 2015\/2016"},"content":{"rendered":"<p>Nombramiento de nuestras falleras mayores para el ejercicio 2015-2016 esperamos que teng\u00e1is un gran a\u00f1o, Rosana Monta\u00f1ana Royo y Nuria Palomero Martorell<\/p>\n<p style=\"text-align: center;\"><a href=\"http:\/\/fallacarteros.com\/wp-content\/uploads\/2015\/09\/Nombramiento-2015_2016.jpg\"><img loading=\"lazy\" decoding=\"async\" class=\"alignnone wp-image-655 size-full\" src=\"http:\/\/fallacarteros.com\/wp-content\/uploads\/2015\/09\/Nombramiento-2015_2016.jpg\" alt=\"Nombramiento 2015_2016\" width=\"960\" height=\"720\" srcset=\"http:\/\/fallacarteros.com\/wp-content\/uploads\/2015\/09\/Nombramiento-2015_2016.jpg 960w, http:\/\/fallacarteros.com\/wp-content\/uploads\/2015\/09\/Nombramiento-2015_2016-300x225.jpg 300w\" sizes=\"(max-width: 960px) 100vw, 960px\" \/><\/a><\/p>\n","protected":false},"excerpt":{"rendered":"<p>Nombramiento de nuestras falleras mayores para el ejercicio 2015-2016 esperamos que teng\u00e1is un gran a\u00f1o, Rosana Monta\u00f1ana Royo y Nuria Palomero Martorell<\/p>\n","protected":false},"author":1,"featured_media":0,"comment_status":"open","ping_status":"open","sticky":false,"template":"","format":"standard","meta":{"footnotes":"","jetpack_publicize_message":"","jetpack_is_tweetstorm":false,"jetpack_publicize_feature_enabled":true,"jetpack_social_post_already_shared":false,"jetpack_social_options":{"image_generator_settings":{"template":"highway","enabled":false}}},"categories":[2],"tags":[],"jetpack_publicize_connections":[],"jetpack_sharing_enabled":true,"jetpack_featured_media_url":"","_links":{"self":[{"href":"http:\/\/fallacarteros.com\/index.php?rest_route=\/wp\/v2\/posts\/654"}],"collection":[{"href":"http:\/\/fallacarteros.com\/index.php?rest_route=\/wp\/v2\/posts"}],"about":[{"href":"http:\/\/fallacarteros.com\/index.php?rest_route=\/wp\/v2\/types\/post"}],"author":[{"embeddable":true,"href":"http:\/\/fallacarteros.com\/index.php?rest_route=\/wp\/v2\/users\/1"}],"replies":[{"embeddable":true,"href":"http:\/\/fallacarteros.com\/index.php?rest_route=%2Fwp%2Fv2%2Fcomments&post=654"}],"version-history":[{"count":1,"href":"http:\/\/fallacarteros.com\/index.php?rest_route=\/wp\/v2\/posts\/654\/revisions"}],"predecessor-version":[{"id":656,"href":"http:\/\/fallacarteros.com\/index.php?rest_route=\/wp\/v2\/posts\/654\/revisions\/656"}],"wp:attachment":[{"href":"http:\/\/fallacarteros.com\/index.php?rest_route=%2Fwp%2Fv2%2Fmedia&parent=654"}],"wp:term":[{"taxonomy":"category","embeddable":true,"href":"http:\/\/fallacarteros.com\/index.php?rest_route=%2Fwp%2Fv2%2Fcategories&post=654"},{"taxonomy":"post_tag","embeddable":true,"href":"http:\/\/fallacarteros.com\/index.php?rest_route=%2Fwp%2Fv2%2Ftags&post=654"}],"curies":[{"name":"wp","href":"https:\/\/api.w.org\/{rel}","templated":true}]}}