{"id":593,"date":"2014-12-12T09:48:42","date_gmt":"2014-12-12T08:48:42","guid":{"rendered":"http:\/\/fallacarteros.com\/?p=593"},"modified":"2014-12-12T09:48:42","modified_gmt":"2014-12-12T08:48:42","slug":"inauguracion-del-belen","status":"publish","type":"post","link":"http:\/\/fallacarteros.com\/?p=593","title":{"rendered":"Inauguraci\u00f3n del Bel\u00e9n"},"content":{"rendered":"<p>Nuestros Representantes Infantiles del ejercicio 2015, inauguraron el Bel\u00e9n dando entrada as\u00ed la bienvenida a las navidades.<\/p>\n<p><a href=\"http:\/\/fallacarteros.com\/wp-content\/uploads\/2015\/03\/InaBelen2015.jpg\"><img loading=\"lazy\" decoding=\"async\" class=\"aligncenter size-large wp-image-594\" src=\"http:\/\/fallacarteros.com\/wp-content\/uploads\/2015\/03\/InaBelen2015-1024x686.jpg\" alt=\"InaBelen2015\" width=\"1024\" height=\"686\" \/><\/a><\/p>\n","protected":false},"excerpt":{"rendered":"<p>Nuestros Representantes Infantiles del ejercicio 2015, inauguraron el Bel\u00e9n dando entrada as\u00ed la bienvenida a las navidades.<\/p>\n","protected":false},"author":1,"featured_media":0,"comment_status":"closed","ping_status":"closed","sticky":false,"template":"","format":"standard","meta":{"footnotes":"","jetpack_publicize_message":"","jetpack_is_tweetstorm":false,"jetpack_publicize_feature_enabled":true,"jetpack_social_post_already_shared":false,"jetpack_social_options":{"image_generator_settings":{"template":"highway","enabled":false}}},"categories":[5],"tags":[],"jetpack_publicize_connections":[],"jetpack_sharing_enabled":true,"jetpack_featured_media_url":"","_links":{"self":[{"href":"http:\/\/fallacarteros.com\/index.php?rest_route=\/wp\/v2\/posts\/593"}],"collection":[{"href":"http:\/\/fallacarteros.com\/index.php?rest_route=\/wp\/v2\/posts"}],"about":[{"href":"http:\/\/fallacarteros.com\/index.php?rest_route=\/wp\/v2\/types\/post"}],"author":[{"embeddable":true,"href":"http:\/\/fallacarteros.com\/index.php?rest_route=\/wp\/v2\/users\/1"}],"replies":[{"embeddable":true,"href":"http:\/\/fallacarteros.com\/index.php?rest_route=%2Fwp%2Fv2%2Fcomments&post=593"}],"version-history":[{"count":0,"href":"http:\/\/fallacarteros.com\/index.php?rest_route=\/wp\/v2\/posts\/593\/revisions"}],"wp:attachment":[{"href":"http:\/\/fallacarteros.com\/index.php?rest_route=%2Fwp%2Fv2%2Fmedia&parent=593"}],"wp:term":[{"taxonomy":"category","embeddable":true,"href":"http:\/\/fallacarteros.com\/index.php?rest_route=%2Fwp%2Fv2%2Fcategories&post=593"},{"taxonomy":"post_tag","embeddable":true,"href":"http:\/\/fallacarteros.com\/index.php?rest_route=%2Fwp%2Fv2%2Ftags&post=593"}],"curies":[{"name":"wp","href":"https:\/\/api.w.org\/{rel}","templated":true}]}}