{"id":575,"date":"2014-11-15T12:19:38","date_gmt":"2014-11-15T11:19:38","guid":{"rendered":"http:\/\/fallacarteros.com\/?p=575"},"modified":"2014-11-15T12:19:38","modified_gmt":"2014-11-15T11:19:38","slug":"exaltacion-de-nuestras-falleras-mayores-y-cortes-de-honor-2-015","status":"publish","type":"post","link":"http:\/\/fallacarteros.com\/?p=575","title":{"rendered":"EXALTACI\u00d3N DE NUESTRAS FALLERAS MAYORES Y CORTES DE HONOR 2.015"},"content":{"rendered":"<h3><span style=\"text-decoration: underline; color: #993366;\"><span style=\"text-decoration: underline;\">EXALTACI\u00d3N DE NUESTRAS FALLERAS MAYORES Y CORTES DE HONOR 2.015<\/span><\/span><\/h3>\n<p>La Falla Carteros Lit\u00f3grafo Pascual Abad, les invita el d\u00eda 16 de noviembre a las 10 horas (de la ma\u00f1ana), en la sala Canal, sito en Camino viejo del Saler 7 Pinedo-Valencia, a la gran presentaci\u00f3n de las Falleras Mayores y Cortes de Honor del 2.015<br \/>\nLa comida sera en el Wakaya Restaurant &amp; Lounge, sito enCarretera del Riu, Valencia.<br \/>\nEsperamos que lo pas\u00e9is muy bien y todo sea de vuestro agrado.<\/p>\n<p>&nbsp;<\/p>\n<p style=\"text-align: center;\"><a href=\"http:\/\/fallacarteros.com\/wp-content\/uploads\/2014\/11\/Folleto_Present_Falla2015_Contor-1.jpg\"><img loading=\"lazy\" decoding=\"async\" class=\"aligncenter  wp-image-576\" src=\"http:\/\/fallacarteros.com\/wp-content\/uploads\/2014\/11\/Folleto_Present_Falla2015_Contor-1.jpg\" alt=\"Folleto_Present_Falla2015_Contor-1\" width=\"864\" height=\"611\" \/><\/a><\/p>\n<p style=\"text-align: center;\"><a href=\"http:\/\/fallacarteros.com\/wp-content\/uploads\/2014\/11\/Folleto_Present_Falla2015_Contor-2.jpg\"><img loading=\"lazy\" decoding=\"async\" class=\"aligncenter  wp-image-577\" src=\"http:\/\/fallacarteros.com\/wp-content\/uploads\/2014\/11\/Folleto_Present_Falla2015_Contor-2.jpg\" alt=\"Folleto_Present_Falla2015_Contor-2\" width=\"862\" height=\"610\" \/><\/a><\/p>\n","protected":false},"excerpt":{"rendered":"<p>EXALTACI\u00d3N DE NUESTRAS FALLERAS MAYORES Y CORTES DE HONOR 2.015 La Falla Carteros Lit\u00f3grafo Pascual Abad, les invita el d\u00eda 16 de noviembre a las 10 horas (de la ma\u00f1ana), &hellip; <a href=\"http:\/\/fallacarteros.com\/?p=575\" class=\"more-link\">Seguir leyendo <span class=\"screen-reader-text\">EXALTACI\u00d3N DE NUESTRAS FALLERAS MAYORES Y CORTES DE HONOR 2.015<\/span> <span class=\"meta-nav\">&rarr;<\/span><\/a><\/p>\n","protected":false},"author":1,"featured_media":0,"comment_status":"closed","ping_status":"closed","sticky":false,"template":"","format":"standard","meta":{"footnotes":"","jetpack_publicize_message":"","jetpack_is_tweetstorm":false,"jetpack_publicize_feature_enabled":true,"jetpack_social_post_already_shared":false,"jetpack_social_options":{"image_generator_settings":{"template":"highway","enabled":false}}},"categories":[2],"tags":[],"jetpack_publicize_connections":[],"jetpack_sharing_enabled":true,"jetpack_featured_media_url":"","_links":{"self":[{"href":"http:\/\/fallacarteros.com\/index.php?rest_route=\/wp\/v2\/posts\/575"}],"collection":[{"href":"http:\/\/fallacarteros.com\/index.php?rest_route=\/wp\/v2\/posts"}],"about":[{"href":"http:\/\/fallacarteros.com\/index.php?rest_route=\/wp\/v2\/types\/post"}],"author":[{"embeddable":true,"href":"http:\/\/fallacarteros.com\/index.php?rest_route=\/wp\/v2\/users\/1"}],"replies":[{"embeddable":true,"href":"http:\/\/fallacarteros.com\/index.php?rest_route=%2Fwp%2Fv2%2Fcomments&post=575"}],"version-history":[{"count":0,"href":"http:\/\/fallacarteros.com\/index.php?rest_route=\/wp\/v2\/posts\/575\/revisions"}],"wp:attachment":[{"href":"http:\/\/fallacarteros.com\/index.php?rest_route=%2Fwp%2Fv2%2Fmedia&parent=575"}],"wp:term":[{"taxonomy":"category","embeddable":true,"href":"http:\/\/fallacarteros.com\/index.php?rest_route=%2Fwp%2Fv2%2Fcategories&post=575"},{"taxonomy":"post_tag","embeddable":true,"href":"http:\/\/fallacarteros.com\/index.php?rest_route=%2Fwp%2Fv2%2Ftags&post=575"}],"curies":[{"name":"wp","href":"https:\/\/api.w.org\/{rel}","templated":true}]}}