{"id":568,"date":"2014-10-21T11:41:55","date_gmt":"2014-10-21T09:41:55","guid":{"rendered":"http:\/\/fallacarteros.com\/?p=568"},"modified":"2014-10-21T11:41:55","modified_gmt":"2014-10-21T09:41:55","slug":"proclamacion-fallera-mayor-2015","status":"publish","type":"post","link":"http:\/\/fallacarteros.com\/?p=568","title":{"rendered":"Proclamaci\u00f3n Fallera Mayor 2015"},"content":{"rendered":"<p>El pasado s\u00e1bado tuvo 18 de octubre tuvo lugar en nuestro nuevo casal, la proclamaci\u00f3n de la Fallera Mayor para el ejercicio 2014-2015,\u00a0 Silvia Gonz\u00e1lez Serrano.<\/p>\n<p>El acto fue muy emotivo y\u00a0 esperamos sea un a\u00f1o muy feliz e inolvidable.<\/p>\n<p>&nbsp;<\/p>\n<p style=\"text-align: center;\"><a href=\"http:\/\/fallacarteros.com\/wp-content\/uploads\/2014\/10\/Proclama_2014_2015.jpg\"><img loading=\"lazy\" decoding=\"async\" class=\"aligncenter size-full wp-image-569\" src=\"http:\/\/fallacarteros.com\/wp-content\/uploads\/2014\/10\/Proclama_2014_2015.jpg\" alt=\"Proclama_2014_2015\" width=\"720\" height=\"960\" \/><\/a><\/p>\n","protected":false},"excerpt":{"rendered":"<p>El pasado s\u00e1bado tuvo 18 de octubre tuvo lugar en nuestro nuevo casal, la proclamaci\u00f3n de la Fallera Mayor para el ejercicio 2014-2015,\u00a0 Silvia Gonz\u00e1lez Serrano. El acto fue muy &hellip; <a href=\"http:\/\/fallacarteros.com\/?p=568\" class=\"more-link\">Seguir leyendo <span class=\"screen-reader-text\">Proclamaci\u00f3n Fallera Mayor 2015<\/span> <span class=\"meta-nav\">&rarr;<\/span><\/a><\/p>\n","protected":false},"author":1,"featured_media":0,"comment_status":"closed","ping_status":"closed","sticky":false,"template":"","format":"standard","meta":{"footnotes":"","jetpack_publicize_message":"","jetpack_is_tweetstorm":false,"jetpack_publicize_feature_enabled":true,"jetpack_social_post_already_shared":false,"jetpack_social_options":{"image_generator_settings":{"template":"highway","enabled":false}}},"categories":[2],"tags":[],"jetpack_publicize_connections":[],"jetpack_sharing_enabled":true,"jetpack_featured_media_url":"","_links":{"self":[{"href":"http:\/\/fallacarteros.com\/index.php?rest_route=\/wp\/v2\/posts\/568"}],"collection":[{"href":"http:\/\/fallacarteros.com\/index.php?rest_route=\/wp\/v2\/posts"}],"about":[{"href":"http:\/\/fallacarteros.com\/index.php?rest_route=\/wp\/v2\/types\/post"}],"author":[{"embeddable":true,"href":"http:\/\/fallacarteros.com\/index.php?rest_route=\/wp\/v2\/users\/1"}],"replies":[{"embeddable":true,"href":"http:\/\/fallacarteros.com\/index.php?rest_route=%2Fwp%2Fv2%2Fcomments&post=568"}],"version-history":[{"count":0,"href":"http:\/\/fallacarteros.com\/index.php?rest_route=\/wp\/v2\/posts\/568\/revisions"}],"wp:attachment":[{"href":"http:\/\/fallacarteros.com\/index.php?rest_route=%2Fwp%2Fv2%2Fmedia&parent=568"}],"wp:term":[{"taxonomy":"category","embeddable":true,"href":"http:\/\/fallacarteros.com\/index.php?rest_route=%2Fwp%2Fv2%2Fcategories&post=568"},{"taxonomy":"post_tag","embeddable":true,"href":"http:\/\/fallacarteros.com\/index.php?rest_route=%2Fwp%2Fv2%2Ftags&post=568"}],"curies":[{"name":"wp","href":"https:\/\/api.w.org\/{rel}","templated":true}]}}