{"id":555,"date":"2014-09-25T23:50:18","date_gmt":"2014-09-25T21:50:18","guid":{"rendered":"http:\/\/fallacarteros.com\/?p=555"},"modified":"2014-09-25T23:50:18","modified_gmt":"2014-09-25T21:50:18","slug":"proclamacion-de-nuestra-fallera-mayor-infantil-y-presidente-infantil","status":"publish","type":"post","link":"http:\/\/fallacarteros.com\/?p=555","title":{"rendered":"Proclamaci\u00f3n de nuestra Fallera Mayor Infantil y Presidente Infantil"},"content":{"rendered":"<address>Os recordamos\u00a0 que este s\u00e1bado 27 de septiembre a las 18:00 horas, sera la proclamaci\u00f3n de nuestra fallera mayor infantil Lorena Ripoll Lopez y presidente infantil Hector Pardo Gallart, quienes querr\u00e1n invitar a toda su comisi\u00f3n infantil a una merienda, se ruega m\u00e1xima puntualidad .<br \/>\nMuchas gracias!!!!<\/address>\n<p>&nbsp;<\/p>\n<p><strong>Delegaci\u00f3n de Infantiles.<\/strong><\/p>\n","protected":false},"excerpt":{"rendered":"<p>Os recordamos\u00a0 que este s\u00e1bado 27 de septiembre a las 18:00 horas, sera la proclamaci\u00f3n de nuestra fallera mayor infantil Lorena Ripoll Lopez y presidente infantil Hector Pardo Gallart, quienes &hellip; <a href=\"http:\/\/fallacarteros.com\/?p=555\" class=\"more-link\">Seguir leyendo <span class=\"screen-reader-text\">Proclamaci\u00f3n de nuestra Fallera Mayor Infantil y Presidente Infantil<\/span> <span class=\"meta-nav\">&rarr;<\/span><\/a><\/p>\n","protected":false},"author":1,"featured_media":0,"comment_status":"closed","ping_status":"closed","sticky":false,"template":"","format":"standard","meta":{"footnotes":"","jetpack_publicize_message":"","jetpack_is_tweetstorm":false,"jetpack_publicize_feature_enabled":true,"jetpack_social_post_already_shared":false,"jetpack_social_options":{"image_generator_settings":{"template":"highway","enabled":false}}},"categories":[2],"tags":[],"jetpack_publicize_connections":[],"jetpack_sharing_enabled":true,"jetpack_featured_media_url":"","_links":{"self":[{"href":"http:\/\/fallacarteros.com\/index.php?rest_route=\/wp\/v2\/posts\/555"}],"collection":[{"href":"http:\/\/fallacarteros.com\/index.php?rest_route=\/wp\/v2\/posts"}],"about":[{"href":"http:\/\/fallacarteros.com\/index.php?rest_route=\/wp\/v2\/types\/post"}],"author":[{"embeddable":true,"href":"http:\/\/fallacarteros.com\/index.php?rest_route=\/wp\/v2\/users\/1"}],"replies":[{"embeddable":true,"href":"http:\/\/fallacarteros.com\/index.php?rest_route=%2Fwp%2Fv2%2Fcomments&post=555"}],"version-history":[{"count":0,"href":"http:\/\/fallacarteros.com\/index.php?rest_route=\/wp\/v2\/posts\/555\/revisions"}],"wp:attachment":[{"href":"http:\/\/fallacarteros.com\/index.php?rest_route=%2Fwp%2Fv2%2Fmedia&parent=555"}],"wp:term":[{"taxonomy":"category","embeddable":true,"href":"http:\/\/fallacarteros.com\/index.php?rest_route=%2Fwp%2Fv2%2Fcategories&post=555"},{"taxonomy":"post_tag","embeddable":true,"href":"http:\/\/fallacarteros.com\/index.php?rest_route=%2Fwp%2Fv2%2Ftags&post=555"}],"curies":[{"name":"wp","href":"https:\/\/api.w.org\/{rel}","templated":true}]}}