{"id":453,"date":"2013-12-23T11:29:04","date_gmt":"2013-12-23T10:29:04","guid":{"rendered":"http:\/\/fallacarteros.com\/?p=453"},"modified":"2013-12-23T11:29:04","modified_gmt":"2013-12-23T10:29:04","slug":"primer-premio-de-belenes-de-la-agrupacion","status":"publish","type":"post","link":"http:\/\/fallacarteros.com\/?p=453","title":{"rendered":"Primer premio de  Belenes de la agrupaci\u00f3n"},"content":{"rendered":"<p>Este a\u00f1o lleno de premios, nuestro Bel\u00e9n no pod\u00eda ser menos, y recibimos el primer premio de la agrupaci\u00f3n Cruz Cubierta en modalidad Bel\u00e9n Cl\u00e1sico , enhorabuena a toda la comisi\u00f3n y en especial a Marian , Moncho y familia por tan buen trabajo.<\/p>\n<p><a href=\"http:\/\/fallacarteros.com\/wp-content\/uploads\/2013\/12\/Belen_2013-1.jpg\"><img loading=\"lazy\" decoding=\"async\" class=\"aligncenter size-full wp-image-454\" alt=\"Belen_2013 (1)\" src=\"http:\/\/fallacarteros.com\/wp-content\/uploads\/2013\/12\/Belen_2013-1.jpg\" width=\"800\" height=\"600\" \/><\/a> <a href=\"http:\/\/fallacarteros.com\/wp-content\/uploads\/2013\/12\/Belen_2013-2.jpg\"><img loading=\"lazy\" decoding=\"async\" class=\"aligncenter size-singlepic wp-image-455\" alt=\"Belen_2013 (2)\" src=\"http:\/\/fallacarteros.com\/wp-content\/uploads\/2013\/12\/Belen_2013-2.jpg\" width=\"960\" height=\"720\" \/><\/a> <a href=\"http:\/\/fallacarteros.com\/wp-content\/uploads\/2013\/12\/Belen_2013-3.jpg\"><img loading=\"lazy\" decoding=\"async\" class=\"aligncenter size-singlepic wp-image-456\" alt=\"Belen_2013 (3)\" src=\"http:\/\/fallacarteros.com\/wp-content\/uploads\/2013\/12\/Belen_2013-3.jpg\" width=\"800\" height=\"600\" \/><\/a> <a href=\"http:\/\/fallacarteros.com\/wp-content\/uploads\/2013\/12\/Belen_2013-4.jpg\"><img loading=\"lazy\" decoding=\"async\" class=\"aligncenter size-singlepic wp-image-457\" alt=\"Belen_2013 (4)\" src=\"http:\/\/fallacarteros.com\/wp-content\/uploads\/2013\/12\/Belen_2013-4.jpg\" width=\"800\" height=\"600\" \/><\/a><\/p>\n","protected":false},"excerpt":{"rendered":"<p>Este a\u00f1o lleno de premios, nuestro Bel\u00e9n no pod\u00eda ser menos, y recibimos el primer premio de la agrupaci\u00f3n Cruz Cubierta en modalidad Bel\u00e9n Cl\u00e1sico , enhorabuena a toda la &hellip; <a href=\"http:\/\/fallacarteros.com\/?p=453\" class=\"more-link\">Seguir leyendo <span class=\"screen-reader-text\">Primer premio de  Belenes de la agrupaci\u00f3n<\/span> <span class=\"meta-nav\">&rarr;<\/span><\/a><\/p>\n","protected":false},"author":1,"featured_media":0,"comment_status":"closed","ping_status":"closed","sticky":false,"template":"","format":"standard","meta":{"footnotes":"","jetpack_publicize_message":"","jetpack_is_tweetstorm":false,"jetpack_publicize_feature_enabled":true,"jetpack_social_post_already_shared":false,"jetpack_social_options":{"image_generator_settings":{"template":"highway","enabled":false}}},"categories":[2],"tags":[],"jetpack_publicize_connections":[],"jetpack_sharing_enabled":true,"jetpack_featured_media_url":"","_links":{"self":[{"href":"http:\/\/fallacarteros.com\/index.php?rest_route=\/wp\/v2\/posts\/453"}],"collection":[{"href":"http:\/\/fallacarteros.com\/index.php?rest_route=\/wp\/v2\/posts"}],"about":[{"href":"http:\/\/fallacarteros.com\/index.php?rest_route=\/wp\/v2\/types\/post"}],"author":[{"embeddable":true,"href":"http:\/\/fallacarteros.com\/index.php?rest_route=\/wp\/v2\/users\/1"}],"replies":[{"embeddable":true,"href":"http:\/\/fallacarteros.com\/index.php?rest_route=%2Fwp%2Fv2%2Fcomments&post=453"}],"version-history":[{"count":0,"href":"http:\/\/fallacarteros.com\/index.php?rest_route=\/wp\/v2\/posts\/453\/revisions"}],"wp:attachment":[{"href":"http:\/\/fallacarteros.com\/index.php?rest_route=%2Fwp%2Fv2%2Fmedia&parent=453"}],"wp:term":[{"taxonomy":"category","embeddable":true,"href":"http:\/\/fallacarteros.com\/index.php?rest_route=%2Fwp%2Fv2%2Fcategories&post=453"},{"taxonomy":"post_tag","embeddable":true,"href":"http:\/\/fallacarteros.com\/index.php?rest_route=%2Fwp%2Fv2%2Ftags&post=453"}],"curies":[{"name":"wp","href":"https:\/\/api.w.org\/{rel}","templated":true}]}}