{"id":411,"date":"2013-11-20T11:23:18","date_gmt":"2013-11-20T10:23:18","guid":{"rendered":"http:\/\/fallacarteros.com\/?p=411"},"modified":"2013-11-20T11:23:18","modified_gmt":"2013-11-20T10:23:18","slug":"presentancion-falleras-mayores-y-su-corte-de-honor","status":"publish","type":"post","link":"http:\/\/fallacarteros.com\/?p=411","title":{"rendered":"Presentancion Falleras Mayores y su Corte de Honor"},"content":{"rendered":"<p>El pasado domingo 10 de noviembre tuvo lugar en la sala Canal de Pinedo la Solemne Presentaci\u00f3n de nuestras representantes para el 2014 y su corte de honor .<\/p>\n<p>En este acto despedimos a nuestras representantes del 2013, Silvia Esteban Arribas y Carolina Arnal Navarro y dimos la bienvenida a nuestras Falleras Mayores del 2014, Fallera Mayor Silvia Mart\u00ednez Mart\u00ednez y Fallera Mayor Infantil Amanda Santamaria Mu\u00f1oz.<\/p>\n<p>El acto fue muy emotivo y tanto nuestras Falleras Mayores como su corte de honor lucieron maravillosamente en la fant\u00e1stica sala de Canal.<\/p>\n<p>Desde aqu\u00ed damos las gracias a toda la comisi\u00f3n y e n especial a todos los que colaboraron para que todo saliese tan bonito.<\/p>\n<p>&nbsp;<\/p>\n\n","protected":false},"excerpt":{"rendered":"<p>El pasado domingo 10 de noviembre tuvo lugar en la sala Canal de Pinedo la Solemne Presentaci\u00f3n de nuestras representantes para el 2014 y su corte de honor . En &hellip; <a href=\"http:\/\/fallacarteros.com\/?p=411\" class=\"more-link\">Seguir leyendo <span class=\"screen-reader-text\">Presentancion Falleras Mayores y su Corte de Honor<\/span> <span class=\"meta-nav\">&rarr;<\/span><\/a><\/p>\n","protected":false},"author":1,"featured_media":0,"comment_status":"closed","ping_status":"closed","sticky":false,"template":"","format":"standard","meta":{"footnotes":"","jetpack_publicize_message":"","jetpack_is_tweetstorm":false,"jetpack_publicize_feature_enabled":true,"jetpack_social_post_already_shared":false,"jetpack_social_options":{"image_generator_settings":{"template":"highway","enabled":false}}},"categories":[2],"tags":[],"jetpack_publicize_connections":[],"jetpack_sharing_enabled":true,"jetpack_featured_media_url":"","_links":{"self":[{"href":"http:\/\/fallacarteros.com\/index.php?rest_route=\/wp\/v2\/posts\/411"}],"collection":[{"href":"http:\/\/fallacarteros.com\/index.php?rest_route=\/wp\/v2\/posts"}],"about":[{"href":"http:\/\/fallacarteros.com\/index.php?rest_route=\/wp\/v2\/types\/post"}],"author":[{"embeddable":true,"href":"http:\/\/fallacarteros.com\/index.php?rest_route=\/wp\/v2\/users\/1"}],"replies":[{"embeddable":true,"href":"http:\/\/fallacarteros.com\/index.php?rest_route=%2Fwp%2Fv2%2Fcomments&post=411"}],"version-history":[{"count":0,"href":"http:\/\/fallacarteros.com\/index.php?rest_route=\/wp\/v2\/posts\/411\/revisions"}],"wp:attachment":[{"href":"http:\/\/fallacarteros.com\/index.php?rest_route=%2Fwp%2Fv2%2Fmedia&parent=411"}],"wp:term":[{"taxonomy":"category","embeddable":true,"href":"http:\/\/fallacarteros.com\/index.php?rest_route=%2Fwp%2Fv2%2Fcategories&post=411"},{"taxonomy":"post_tag","embeddable":true,"href":"http:\/\/fallacarteros.com\/index.php?rest_route=%2Fwp%2Fv2%2Ftags&post=411"}],"curies":[{"name":"wp","href":"https:\/\/api.w.org\/{rel}","templated":true}]}}