{"id":324,"date":"2013-09-18T23:55:47","date_gmt":"2013-09-18T21:55:47","guid":{"rendered":"http:\/\/fallacarteros.com\/?p=324"},"modified":"2013-09-18T23:55:47","modified_gmt":"2013-09-18T21:55:47","slug":"dia-de-hermandad-fallera","status":"publish","type":"post","link":"http:\/\/fallacarteros.com\/?p=324","title":{"rendered":"D\u00eda de hermandad Fallera"},"content":{"rendered":"<p>El Domingo 22 de septiembre la agrupaci\u00f3n de la cruz cubierta, celebrara el d\u00eda de la hermandad fallera en la falla Soto Mico con los siguientes actos:<\/p>\n<ul>\n<li><span style=\"text-decoration: underline;\"><span style=\"line-height: 13px;\">Infantiles:<\/span><\/span><\/li>\n<\/ul>\n<p>.-A las 11:00 almuerzo popular para todos los asistentes.<\/p>\n<p>.-A continuaci\u00f3n JUEGO DEL TESORITO.<\/p>\n<p>&nbsp;<\/p>\n<ul>\n<li><span style=\"text-decoration: underline;\"><span style=\"line-height: 13px;\">Mayores:<\/span><\/span><\/li>\n<\/ul>\n<p>.-A las 11:30 GYNKANA<\/p>\n<p>.-A las 13:00 Concurso de Paellas (La agrupaci\u00f3n dara todos los arreglos ( menos conejo) para una paella de \u00a0 \u00a0 \u00a0 \u00a0 \u00a0 \u00a0 \u00a0 \u00a0 \u00a0 \u00a0 \u00a0 \u00a0 \u00a0 \u00a0 \u00a010 personas.<\/p>\n<p>&nbsp;<\/p>\n<p><span style=\"color: #0000ff;\">Para la paella se pondr\u00e1 un listado en nuestro Casal, todo el que quiera venir deber\u00e1 apuntarse para poder comprar<\/span><\/p>\n<p>&nbsp;<\/p>\n<p>Si os apetece pasar un d\u00eda divertido junto a vuestra falla y las demas de la agrupaci\u00f3n, no os lo perdais.<\/p>\n<p style=\"text-align: center;\"><a href=\"http:\/\/fallacarteros.com\/wp-content\/uploads\/2013\/09\/PaellaLe\u00f1a.jpg\"><img loading=\"lazy\" decoding=\"async\" class=\"aligncenter  wp-image-325\" alt=\"PaellaLe\u00f1a\" src=\"http:\/\/fallacarteros.com\/wp-content\/uploads\/2013\/09\/PaellaLe\u00f1a.jpg\" width=\"642\" height=\"480\" \/><\/a><\/p>\n<p>&nbsp;<\/p>\n<p><strong><span style=\"color: #000000;\">Delegaci\u00f3n de Festejos<\/span><\/strong><\/p>\n","protected":false},"excerpt":{"rendered":"<p>El Domingo 22 de septiembre la agrupaci\u00f3n de la cruz cubierta, celebrara el d\u00eda de la hermandad fallera en la falla Soto Mico con los siguientes actos: Infantiles: .-A las &hellip; <a href=\"http:\/\/fallacarteros.com\/?p=324\" class=\"more-link\">Seguir leyendo <span class=\"screen-reader-text\">D\u00eda de hermandad Fallera<\/span> <span class=\"meta-nav\">&rarr;<\/span><\/a><\/p>\n","protected":false},"author":1,"featured_media":0,"comment_status":"closed","ping_status":"closed","sticky":false,"template":"","format":"standard","meta":{"footnotes":"","jetpack_publicize_message":"","jetpack_is_tweetstorm":false,"jetpack_publicize_feature_enabled":true,"jetpack_social_post_already_shared":false,"jetpack_social_options":{"image_generator_settings":{"template":"highway","enabled":false}}},"categories":[3],"tags":[],"jetpack_publicize_connections":[],"jetpack_sharing_enabled":true,"jetpack_featured_media_url":"","_links":{"self":[{"href":"http:\/\/fallacarteros.com\/index.php?rest_route=\/wp\/v2\/posts\/324"}],"collection":[{"href":"http:\/\/fallacarteros.com\/index.php?rest_route=\/wp\/v2\/posts"}],"about":[{"href":"http:\/\/fallacarteros.com\/index.php?rest_route=\/wp\/v2\/types\/post"}],"author":[{"embeddable":true,"href":"http:\/\/fallacarteros.com\/index.php?rest_route=\/wp\/v2\/users\/1"}],"replies":[{"embeddable":true,"href":"http:\/\/fallacarteros.com\/index.php?rest_route=%2Fwp%2Fv2%2Fcomments&post=324"}],"version-history":[{"count":0,"href":"http:\/\/fallacarteros.com\/index.php?rest_route=\/wp\/v2\/posts\/324\/revisions"}],"wp:attachment":[{"href":"http:\/\/fallacarteros.com\/index.php?rest_route=%2Fwp%2Fv2%2Fmedia&parent=324"}],"wp:term":[{"taxonomy":"category","embeddable":true,"href":"http:\/\/fallacarteros.com\/index.php?rest_route=%2Fwp%2Fv2%2Fcategories&post=324"},{"taxonomy":"post_tag","embeddable":true,"href":"http:\/\/fallacarteros.com\/index.php?rest_route=%2Fwp%2Fv2%2Ftags&post=324"}],"curies":[{"name":"wp","href":"https:\/\/api.w.org\/{rel}","templated":true}]}}