{"id":318,"date":"2013-09-18T12:26:13","date_gmt":"2013-09-18T10:26:13","guid":{"rendered":"http:\/\/fallacarteros.com\/?p=318"},"modified":"2013-09-18T12:26:13","modified_gmt":"2013-09-18T10:26:13","slug":"proclamacion-de-nuestras-falleras-mayores","status":"publish","type":"post","link":"http:\/\/fallacarteros.com\/?p=318","title":{"rendered":"Proclamaci\u00f3n de nuestras Falleras Mayores y Presidente Infantil."},"content":{"rendered":"<p>El pr\u00f3ximo s\u00e1bado <strong>28 de septiembre<\/strong> tendr\u00e1 lugar la proclamaci\u00f3n de nuestra Fallera Mayor , Fallera Mayor Infantil\u00a0y nuestro Presidente Infantil.\u00a0El acto de la <strong>proclamaci\u00f3n Infantil<\/strong> comenzara a las <strong>17:00 horas<\/strong> y el de la proclamaci\u00f3n\u00a0<strong>Mayor<\/strong> a las<strong> 21:00<\/strong>.<\/p>\n<p>Este acto se realizara en el casal \u00a0fallero de la Falla Maria Ros-Manuel Iranzo, sito en la calle Alexandre \u00a0Laborde n\u00ba4.<\/p>\n<p>&nbsp;<\/p>\n<p style=\"text-align: center;\"><iframe loading=\"lazy\" src=\"https:\/\/maps.google.es\/maps?f=q&amp;source=s_q&amp;hl=es&amp;geocode=&amp;q=Carrer+D'Alexandre+de+Laborde,+Valencia&amp;aq=0&amp;oq=valencia,+alexandre+la&amp;sll=39.316265,-0.418859&amp;sspn=4.886462,9.876709&amp;ie=UTF8&amp;hq=&amp;hnear=Carrer+D'Alexandre+de+Laborde,+46017+Val%C3%A8ncia,+Valencia&amp;ll=39.428282,-0.392208&amp;spn=0.00953,0.01929&amp;t=m&amp;z=14&amp;output=embed\" height=\"350\" width=\"425\" frameborder=\"0\" marginwidth=\"0\" marginheight=\"0\" scrolling=\"no\"><\/iframe><br \/>\n<small><a style=\"color: #0000ff; text-align: left;\" href=\"https:\/\/maps.google.es\/maps?f=q&amp;source=embed&amp;hl=es&amp;geocode=&amp;q=Carrer+D'Alexandre+de+Laborde,+Valencia&amp;aq=0&amp;oq=valencia,+alexandre+la&amp;sll=39.316265,-0.418859&amp;sspn=4.886462,9.876709&amp;ie=UTF8&amp;hq=&amp;hnear=Carrer+D'Alexandre+de+Laborde,+46017+Val%C3%A8ncia,+Valencia&amp;ll=39.428282,-0.392208&amp;spn=0.00953,0.01929&amp;t=m&amp;z=14\">Ver mapa m\u00e1s grande<\/a><\/small><\/p>\n<p>&nbsp;<\/p>\n<p>Os esperamos a todos para acompa\u00f1ar a nuestros representantes del ejercicio 2013-2014 , en un d\u00eda tan especial.<\/p>\n<p>&nbsp;<\/p>\n","protected":false},"excerpt":{"rendered":"<p>El pr\u00f3ximo s\u00e1bado 28 de septiembre tendr\u00e1 lugar la proclamaci\u00f3n de nuestra Fallera Mayor , Fallera Mayor Infantil\u00a0y nuestro Presidente Infantil.\u00a0El acto de la proclamaci\u00f3n Infantil comenzara a las 17:00 &hellip; <a href=\"http:\/\/fallacarteros.com\/?p=318\" class=\"more-link\">Seguir leyendo <span class=\"screen-reader-text\">Proclamaci\u00f3n de nuestras Falleras Mayores y Presidente Infantil.<\/span> <span class=\"meta-nav\">&rarr;<\/span><\/a><\/p>\n","protected":false},"author":1,"featured_media":0,"comment_status":"closed","ping_status":"closed","sticky":false,"template":"","format":"standard","meta":{"footnotes":"","jetpack_publicize_message":"","jetpack_is_tweetstorm":false,"jetpack_publicize_feature_enabled":true,"jetpack_social_post_already_shared":false,"jetpack_social_options":{"image_generator_settings":{"template":"highway","enabled":false}}},"categories":[2,3,5],"tags":[],"jetpack_publicize_connections":[],"jetpack_sharing_enabled":true,"jetpack_featured_media_url":"","_links":{"self":[{"href":"http:\/\/fallacarteros.com\/index.php?rest_route=\/wp\/v2\/posts\/318"}],"collection":[{"href":"http:\/\/fallacarteros.com\/index.php?rest_route=\/wp\/v2\/posts"}],"about":[{"href":"http:\/\/fallacarteros.com\/index.php?rest_route=\/wp\/v2\/types\/post"}],"author":[{"embeddable":true,"href":"http:\/\/fallacarteros.com\/index.php?rest_route=\/wp\/v2\/users\/1"}],"replies":[{"embeddable":true,"href":"http:\/\/fallacarteros.com\/index.php?rest_route=%2Fwp%2Fv2%2Fcomments&post=318"}],"version-history":[{"count":0,"href":"http:\/\/fallacarteros.com\/index.php?rest_route=\/wp\/v2\/posts\/318\/revisions"}],"wp:attachment":[{"href":"http:\/\/fallacarteros.com\/index.php?rest_route=%2Fwp%2Fv2%2Fmedia&parent=318"}],"wp:term":[{"taxonomy":"category","embeddable":true,"href":"http:\/\/fallacarteros.com\/index.php?rest_route=%2Fwp%2Fv2%2Fcategories&post=318"},{"taxonomy":"post_tag","embeddable":true,"href":"http:\/\/fallacarteros.com\/index.php?rest_route=%2Fwp%2Fv2%2Ftags&post=318"}],"curies":[{"name":"wp","href":"https:\/\/api.w.org\/{rel}","templated":true}]}}