{"id":313,"date":"2013-07-19T17:28:36","date_gmt":"2013-07-19T15:28:36","guid":{"rendered":"http:\/\/fallacarteros.com\/?p=313"},"modified":"2013-07-19T17:28:36","modified_gmt":"2013-07-19T15:28:36","slug":"preseleccion-del-sector-cruz-cubierta-2","status":"publish","type":"post","link":"http:\/\/fallacarteros.com\/?p=313","title":{"rendered":"PRESELECCI\u00d3N DEL SECTOR CRUZ CUBIERTA"},"content":{"rendered":"<p style=\"text-align: center;\"><a href=\"http:\/\/fallacarteros.com\/wp-content\/uploads\/2013\/07\/PreselecSector2013.jpg\"><img loading=\"lazy\" decoding=\"async\" class=\"aligncenter size-full wp-image-314\" alt=\"PreselecSector2013\" src=\"http:\/\/fallacarteros.com\/wp-content\/uploads\/2013\/07\/PreselecSector2013.jpg\" width=\"803\" height=\"535\" \/><\/a><\/p>\n<p>&nbsp;<\/p>\n<p>El pasado s\u00e1bado 13 de Julio tuvo lugar en nuestra demarcaci\u00f3n la preselecci\u00f3n para la corte de honor de Valencia del sector Cruz Cubierta.<\/p>\n<p>Aunque no sin gran esfuerzo, todo salio muy bien y la organizaci\u00f3n y el tiempo permitieron que las falleras mayores de nuestro sector brillaran en la pasarela.<\/p>\n<p>Dar la enhorabuena a las preseleccionadas:<\/p>\n<p>&nbsp;<\/p>\n<p>INFANTILES:<\/p>\n<ul>\n<li><span style=\"line-height: 13px;\">Alba Escot Ob\u00f3n \u00a0(Falla Joaquin Navarro)<\/span><\/li>\n<li>Lorena Monedero Marzal ( Falla Plaza Segovia)<\/li>\n<li>Lucia Clemente Vicente (Falla Ingeniero Jos\u00e9 Sirera)<\/li>\n<\/ul>\n<p>&nbsp;<\/p>\n<p>MAYORES:<\/p>\n<ul>\n<li><span style=\"line-height: 13px;\">Amparo Cardo Hernandez \u00a0(Falla Joaquim Navarro)<\/span><\/li>\n<li>Aida Bea Garc\u00eda (Falla Camino de Alba)<\/li>\n<li>Luc\u00eda Masso Cuesta ( Falla Amparo Iturbi)<\/li>\n<\/ul>\n<p>&nbsp;<\/p>\n<p>Les deseamos mucha suerte a todas y queremos agradecer a todas las candidatas su presencia en este acto.<\/p>\n<p>&nbsp;<\/p>\n<p>&nbsp;<\/p>\n","protected":false},"excerpt":{"rendered":"<p>&nbsp; El pasado s\u00e1bado 13 de Julio tuvo lugar en nuestra demarcaci\u00f3n la preselecci\u00f3n para la corte de honor de Valencia del sector Cruz Cubierta. Aunque no sin gran esfuerzo, &hellip; <a href=\"http:\/\/fallacarteros.com\/?p=313\" class=\"more-link\">Seguir leyendo <span class=\"screen-reader-text\">PRESELECCI\u00d3N DEL SECTOR CRUZ CUBIERTA<\/span> <span class=\"meta-nav\">&rarr;<\/span><\/a><\/p>\n","protected":false},"author":1,"featured_media":0,"comment_status":"closed","ping_status":"closed","sticky":false,"template":"","format":"standard","meta":{"footnotes":"","jetpack_publicize_message":"","jetpack_is_tweetstorm":false,"jetpack_publicize_feature_enabled":true,"jetpack_social_post_already_shared":false,"jetpack_social_options":{"image_generator_settings":{"template":"highway","enabled":false}}},"categories":[2],"tags":[],"jetpack_publicize_connections":[],"jetpack_sharing_enabled":true,"jetpack_featured_media_url":"","_links":{"self":[{"href":"http:\/\/fallacarteros.com\/index.php?rest_route=\/wp\/v2\/posts\/313"}],"collection":[{"href":"http:\/\/fallacarteros.com\/index.php?rest_route=\/wp\/v2\/posts"}],"about":[{"href":"http:\/\/fallacarteros.com\/index.php?rest_route=\/wp\/v2\/types\/post"}],"author":[{"embeddable":true,"href":"http:\/\/fallacarteros.com\/index.php?rest_route=\/wp\/v2\/users\/1"}],"replies":[{"embeddable":true,"href":"http:\/\/fallacarteros.com\/index.php?rest_route=%2Fwp%2Fv2%2Fcomments&post=313"}],"version-history":[{"count":0,"href":"http:\/\/fallacarteros.com\/index.php?rest_route=\/wp\/v2\/posts\/313\/revisions"}],"wp:attachment":[{"href":"http:\/\/fallacarteros.com\/index.php?rest_route=%2Fwp%2Fv2%2Fmedia&parent=313"}],"wp:term":[{"taxonomy":"category","embeddable":true,"href":"http:\/\/fallacarteros.com\/index.php?rest_route=%2Fwp%2Fv2%2Fcategories&post=313"},{"taxonomy":"post_tag","embeddable":true,"href":"http:\/\/fallacarteros.com\/index.php?rest_route=%2Fwp%2Fv2%2Ftags&post=313"}],"curies":[{"name":"wp","href":"https:\/\/api.w.org\/{rel}","templated":true}]}}