{"id":292,"date":"2013-07-05T13:53:47","date_gmt":"2013-07-05T11:53:47","guid":{"rendered":"http:\/\/fallacarteros.com\/?p=292"},"modified":"2013-07-05T13:53:47","modified_gmt":"2013-07-05T11:53:47","slug":"entrevista-en-la-radio","status":"publish","type":"post","link":"http:\/\/fallacarteros.com\/?p=292","title":{"rendered":"Entrevista en la radio"},"content":{"rendered":"<p>Ayer 4 de julio de 2013, nuestra comisi\u00f3n fue invitada a la radio para explicar como iba la preparaci\u00f3n de la preselecci\u00f3n del sector para la corte de honor de Valencia. En representaci\u00f3n de la Falla fue nuestro Presidente (Miguel Angel Arnedo), Vicepresidente 1\u00ba (Jordi Madrid) y Vicepresidente segundo (Sergio Delgado).<\/p>\n<p>La entrevista en Onda Fallas duro unos 30 minutos y les permiti\u00f3 a nuestros representantes explicar todo lo que rodea la preparaci\u00f3n de un acto de esta \u00edndole.<\/p>\n<p>&nbsp;<\/p>\n<p style=\"text-align: center;\">\n<p style=\"text-align: center;\"><a href=\"http:\/\/fallacarteros.com\/wp-content\/uploads\/2013\/07\/Radio2013_3.jpg\"><img loading=\"lazy\" decoding=\"async\" class=\"aligncenter size-full wp-image-295\" alt=\"Radio2013_3\" src=\"http:\/\/fallacarteros.com\/wp-content\/uploads\/2013\/07\/Radio2013_3.jpg\" width=\"816\" height=\"612\" \/><\/a> <a href=\"http:\/\/fallacarteros.com\/wp-content\/uploads\/2013\/07\/Radio2013_2.jpg\"><img loading=\"lazy\" decoding=\"async\" class=\"aligncenter size-full wp-image-294\" alt=\"Radio2013_2\" src=\"http:\/\/fallacarteros.com\/wp-content\/uploads\/2013\/07\/Radio2013_2.jpg\" width=\"612\" height=\"816\" \/><\/a> <a href=\"http:\/\/fallacarteros.com\/wp-content\/uploads\/2013\/07\/Radio2013_1.jpg\"><img loading=\"lazy\" decoding=\"async\" class=\"aligncenter size-full wp-image-293\" alt=\"Radio2013_1\" src=\"http:\/\/fallacarteros.com\/wp-content\/uploads\/2013\/07\/Radio2013_1.jpg\" width=\"816\" height=\"612\" \/><\/a><\/p>\n","protected":false},"excerpt":{"rendered":"<p>Ayer 4 de julio de 2013, nuestra comisi\u00f3n fue invitada a la radio para explicar como iba la preparaci\u00f3n de la preselecci\u00f3n del sector para la corte de honor de &hellip; <a href=\"http:\/\/fallacarteros.com\/?p=292\" class=\"more-link\">Seguir leyendo <span class=\"screen-reader-text\">Entrevista en la radio<\/span> <span class=\"meta-nav\">&rarr;<\/span><\/a><\/p>\n","protected":false},"author":1,"featured_media":0,"comment_status":"closed","ping_status":"closed","sticky":false,"template":"","format":"standard","meta":{"footnotes":"","jetpack_publicize_message":"","jetpack_is_tweetstorm":false,"jetpack_publicize_feature_enabled":true,"jetpack_social_post_already_shared":false,"jetpack_social_options":{"image_generator_settings":{"template":"highway","enabled":false}}},"categories":[2],"tags":[],"jetpack_publicize_connections":[],"jetpack_sharing_enabled":true,"jetpack_featured_media_url":"","_links":{"self":[{"href":"http:\/\/fallacarteros.com\/index.php?rest_route=\/wp\/v2\/posts\/292"}],"collection":[{"href":"http:\/\/fallacarteros.com\/index.php?rest_route=\/wp\/v2\/posts"}],"about":[{"href":"http:\/\/fallacarteros.com\/index.php?rest_route=\/wp\/v2\/types\/post"}],"author":[{"embeddable":true,"href":"http:\/\/fallacarteros.com\/index.php?rest_route=\/wp\/v2\/users\/1"}],"replies":[{"embeddable":true,"href":"http:\/\/fallacarteros.com\/index.php?rest_route=%2Fwp%2Fv2%2Fcomments&post=292"}],"version-history":[{"count":0,"href":"http:\/\/fallacarteros.com\/index.php?rest_route=\/wp\/v2\/posts\/292\/revisions"}],"wp:attachment":[{"href":"http:\/\/fallacarteros.com\/index.php?rest_route=%2Fwp%2Fv2%2Fmedia&parent=292"}],"wp:term":[{"taxonomy":"category","embeddable":true,"href":"http:\/\/fallacarteros.com\/index.php?rest_route=%2Fwp%2Fv2%2Fcategories&post=292"},{"taxonomy":"post_tag","embeddable":true,"href":"http:\/\/fallacarteros.com\/index.php?rest_route=%2Fwp%2Fv2%2Ftags&post=292"}],"curies":[{"name":"wp","href":"https:\/\/api.w.org\/{rel}","templated":true}]}}