{"id":262,"date":"2013-06-21T20:15:09","date_gmt":"2013-06-21T18:15:09","guid":{"rendered":"http:\/\/fallacarteros.com\/?p=262"},"modified":"2013-06-21T20:15:09","modified_gmt":"2013-06-21T18:15:09","slug":"verbena-de-san-juan-2013","status":"publish","type":"post","link":"http:\/\/fallacarteros.com\/?p=262","title":{"rendered":"Verbena de San Juan 2013"},"content":{"rendered":"<p>El pasado s\u00e1bado 15 de junio celebramos la tradicional verbena de San Juan, el d\u00eda estuvo lleno de actividades tanto para peque\u00f1os como mayores, fiesta del agua por la ma\u00f1ana, gymkana\u00a0 al medio d\u00eda, hinchables durante toda la tarde , cena, crema de la hoguera \u00a0y por supuesto verbena con discomovil, donde quien mas o quien menos dio unos pasos de baile, (algunos lo dimos todo, jejeje).<\/p>\n<p>Dar las gracias a las delegaciones de festejos e infantiles por el trabajo bien echo y a todos los falleros que de una forma u otra ayudaron a que todos lo pas\u00e1ramos genial.<\/p>\n<p>&nbsp;<\/p>\n<p>&nbsp;<\/p>\n<p style=\"text-align: center;\">[nggallery id=verbena-san-juan-2013]<\/p>\n","protected":false},"excerpt":{"rendered":"<p>El pasado s\u00e1bado 15 de junio celebramos la tradicional verbena de San Juan, el d\u00eda estuvo lleno de actividades tanto para peque\u00f1os como mayores, fiesta del agua por la ma\u00f1ana, &hellip; <a href=\"http:\/\/fallacarteros.com\/?p=262\" class=\"more-link\">Seguir leyendo <span class=\"screen-reader-text\">Verbena de San Juan 2013<\/span> <span class=\"meta-nav\">&rarr;<\/span><\/a><\/p>\n","protected":false},"author":1,"featured_media":0,"comment_status":"closed","ping_status":"closed","sticky":false,"template":"","format":"standard","meta":{"footnotes":"","jetpack_publicize_message":"","jetpack_is_tweetstorm":false,"jetpack_publicize_feature_enabled":true,"jetpack_social_post_already_shared":false,"jetpack_social_options":{"image_generator_settings":{"template":"highway","enabled":false}}},"categories":[3,5],"tags":[],"jetpack_publicize_connections":[],"jetpack_sharing_enabled":true,"jetpack_featured_media_url":"","_links":{"self":[{"href":"http:\/\/fallacarteros.com\/index.php?rest_route=\/wp\/v2\/posts\/262"}],"collection":[{"href":"http:\/\/fallacarteros.com\/index.php?rest_route=\/wp\/v2\/posts"}],"about":[{"href":"http:\/\/fallacarteros.com\/index.php?rest_route=\/wp\/v2\/types\/post"}],"author":[{"embeddable":true,"href":"http:\/\/fallacarteros.com\/index.php?rest_route=\/wp\/v2\/users\/1"}],"replies":[{"embeddable":true,"href":"http:\/\/fallacarteros.com\/index.php?rest_route=%2Fwp%2Fv2%2Fcomments&post=262"}],"version-history":[{"count":0,"href":"http:\/\/fallacarteros.com\/index.php?rest_route=\/wp\/v2\/posts\/262\/revisions"}],"wp:attachment":[{"href":"http:\/\/fallacarteros.com\/index.php?rest_route=%2Fwp%2Fv2%2Fmedia&parent=262"}],"wp:term":[{"taxonomy":"category","embeddable":true,"href":"http:\/\/fallacarteros.com\/index.php?rest_route=%2Fwp%2Fv2%2Fcategories&post=262"},{"taxonomy":"post_tag","embeddable":true,"href":"http:\/\/fallacarteros.com\/index.php?rest_route=%2Fwp%2Fv2%2Ftags&post=262"}],"curies":[{"name":"wp","href":"https:\/\/api.w.org\/{rel}","templated":true}]}}