{"id":251,"date":"2013-05-31T10:55:35","date_gmt":"2013-05-31T08:55:35","guid":{"rendered":"http:\/\/fallacarteros.com\/?p=251"},"modified":"2013-05-31T10:55:35","modified_gmt":"2013-05-31T08:55:35","slug":"jornada-de-la-bicicleta-organizada-por-la-agrupacion","status":"publish","type":"post","link":"http:\/\/fallacarteros.com\/?p=251","title":{"rendered":"Jornada de la bicicleta organizada por la Agrupaci\u00f3n"},"content":{"rendered":"<p><strong>La Agrupaci\u00f3n, como como todos los a\u00f1os, organiza la tradicional JORNADA DE LA BICICLETA.<\/strong><\/p>\n<p>El pr\u00f3ximo d\u00eda 9 de junio, y desde el \u00a0 Casal de la Falla, Plaza Segovia, a las 10 de la ma\u00f1ana, dar\u00e1 comienzo la excursi\u00f3n hasta el autocine Star de Pinedo, donde al llegar se realizara un almuerzo mediterr\u00e1neo, para coger fuerzas necesarias para la vuelta.<\/p>\n<p>Todos los que esteis \u00a0interesados apuntaros en el Casal de nuestra Falla antes del d\u00eda 1 de Junio para poder avisar a la agrupaci\u00f3n.<\/p>\n<p>&nbsp;<\/p>\n<p style=\"text-align: center;\"><a href=\"http:\/\/fallacarteros.com\/wp-content\/uploads\/2013\/05\/bici-pinedo.jpg\"><img loading=\"lazy\" decoding=\"async\" class=\"aligncenter size-full wp-image-252\" alt=\"bici pinedo\" src=\"http:\/\/fallacarteros.com\/wp-content\/uploads\/2013\/05\/bici-pinedo.jpg\" width=\"600\" height=\"488\" \/><\/a><\/p>\n","protected":false},"excerpt":{"rendered":"<p>La Agrupaci\u00f3n, como como todos los a\u00f1os, organiza la tradicional JORNADA DE LA BICICLETA. El pr\u00f3ximo d\u00eda 9 de junio, y desde el \u00a0 Casal de la Falla, Plaza Segovia, &hellip; <a href=\"http:\/\/fallacarteros.com\/?p=251\" class=\"more-link\">Seguir leyendo <span class=\"screen-reader-text\">Jornada de la bicicleta organizada por la Agrupaci\u00f3n<\/span> <span class=\"meta-nav\">&rarr;<\/span><\/a><\/p>\n","protected":false},"author":1,"featured_media":0,"comment_status":"closed","ping_status":"closed","sticky":false,"template":"","format":"standard","meta":{"footnotes":"","jetpack_publicize_message":"","jetpack_is_tweetstorm":false,"jetpack_publicize_feature_enabled":true,"jetpack_social_post_already_shared":false,"jetpack_social_options":{"image_generator_settings":{"template":"highway","enabled":false}}},"categories":[2,4],"tags":[],"jetpack_publicize_connections":[],"jetpack_sharing_enabled":true,"jetpack_featured_media_url":"","_links":{"self":[{"href":"http:\/\/fallacarteros.com\/index.php?rest_route=\/wp\/v2\/posts\/251"}],"collection":[{"href":"http:\/\/fallacarteros.com\/index.php?rest_route=\/wp\/v2\/posts"}],"about":[{"href":"http:\/\/fallacarteros.com\/index.php?rest_route=\/wp\/v2\/types\/post"}],"author":[{"embeddable":true,"href":"http:\/\/fallacarteros.com\/index.php?rest_route=\/wp\/v2\/users\/1"}],"replies":[{"embeddable":true,"href":"http:\/\/fallacarteros.com\/index.php?rest_route=%2Fwp%2Fv2%2Fcomments&post=251"}],"version-history":[{"count":0,"href":"http:\/\/fallacarteros.com\/index.php?rest_route=\/wp\/v2\/posts\/251\/revisions"}],"wp:attachment":[{"href":"http:\/\/fallacarteros.com\/index.php?rest_route=%2Fwp%2Fv2%2Fmedia&parent=251"}],"wp:term":[{"taxonomy":"category","embeddable":true,"href":"http:\/\/fallacarteros.com\/index.php?rest_route=%2Fwp%2Fv2%2Fcategories&post=251"},{"taxonomy":"post_tag","embeddable":true,"href":"http:\/\/fallacarteros.com\/index.php?rest_route=%2Fwp%2Fv2%2Ftags&post=251"}],"curies":[{"name":"wp","href":"https:\/\/api.w.org\/{rel}","templated":true}]}}