{"id":199,"date":"2013-05-16T11:09:23","date_gmt":"2013-05-16T09:09:23","guid":{"rendered":"http:\/\/fallacarteros.com\/?p=199"},"modified":"2013-05-16T11:09:23","modified_gmt":"2013-05-16T09:09:23","slug":"nota-de-prensa","status":"publish","type":"post","link":"http:\/\/fallacarteros.com\/?p=199","title":{"rendered":"Nota de Prensa"},"content":{"rendered":"<p>La <span style=\"color: #993300;\"><b><i>Falla Carters &#8211; Lit\u00f2graf Pascual i Abad<\/i><\/b><\/span> informa i te el plaer de presentar a tot el col\u00b7lectiu faller, al nostre president per al exercici 2013-2014 en <b><i><span style=\"color: #993300;\">Jos\u00e9 Miguel Arnedo i Mateos<\/span>.<\/i><\/b><\/p>\n<p>&nbsp;<\/p>\n<p>Un gran faller i millor persona, <i>Jos\u00e9 Miguel Arnedo<b> <\/b><\/i>afronta un exercici s\u00faper carregat d\u2019idees i ple de somnis per a tots els components de la nostra falla. La extensa experi\u00e8ncia mes que demostrable com a faller, a segut molt ben rebuda al mon de les falles.<\/p>\n<p>&nbsp;<\/p>\n<p>Com a novetat d\u2019enguany, <i>Jos\u00e9 Miguel Arnedo<b> <\/b><\/i>i tota la comissi\u00f3 en ple, afrontem un proyecte de monument de falla molt creatiu, actual i moderna, una falla ins\u00f2lita en la nostra demarcaci\u00f3 de <i>Creu Coberta<\/i> una falla, que segur que no deixar\u00e0 a ning\u00fa indiferent.<\/p>\n<p>&nbsp;<\/p>\n<p>En breu donarem a con\u00e8ixer el nostre pr\u00f2xim artiste faller, encarregat de realisar-nos les falles major e infantil d\u2019enguany. La comissi\u00f3 ya pensa en els majors fruits per a les falles 2014, i estem contents en contar amb un extraordinari artiste. Seguirem Informant&#8230;<\/p>\n<p>&nbsp;<\/p>\n<p>&nbsp;<\/p>\n","protected":false},"excerpt":{"rendered":"<p>La Falla Carters &#8211; Lit\u00f2graf Pascual i Abad informa i te el plaer de presentar a tot el col\u00b7lectiu faller, al nostre president per al exercici 2013-2014 en Jos\u00e9 Miguel &hellip; <a href=\"http:\/\/fallacarteros.com\/?p=199\" class=\"more-link\">Seguir leyendo <span class=\"screen-reader-text\">Nota de Prensa<\/span> <span class=\"meta-nav\">&rarr;<\/span><\/a><\/p>\n","protected":false},"author":1,"featured_media":0,"comment_status":"closed","ping_status":"closed","sticky":false,"template":"","format":"standard","meta":{"footnotes":"","jetpack_publicize_message":"","jetpack_is_tweetstorm":false,"jetpack_publicize_feature_enabled":true,"jetpack_social_post_already_shared":false,"jetpack_social_options":{"image_generator_settings":{"template":"highway","enabled":false}}},"categories":[2],"tags":[],"jetpack_publicize_connections":[],"jetpack_sharing_enabled":true,"jetpack_featured_media_url":"","_links":{"self":[{"href":"http:\/\/fallacarteros.com\/index.php?rest_route=\/wp\/v2\/posts\/199"}],"collection":[{"href":"http:\/\/fallacarteros.com\/index.php?rest_route=\/wp\/v2\/posts"}],"about":[{"href":"http:\/\/fallacarteros.com\/index.php?rest_route=\/wp\/v2\/types\/post"}],"author":[{"embeddable":true,"href":"http:\/\/fallacarteros.com\/index.php?rest_route=\/wp\/v2\/users\/1"}],"replies":[{"embeddable":true,"href":"http:\/\/fallacarteros.com\/index.php?rest_route=%2Fwp%2Fv2%2Fcomments&post=199"}],"version-history":[{"count":0,"href":"http:\/\/fallacarteros.com\/index.php?rest_route=\/wp\/v2\/posts\/199\/revisions"}],"wp:attachment":[{"href":"http:\/\/fallacarteros.com\/index.php?rest_route=%2Fwp%2Fv2%2Fmedia&parent=199"}],"wp:term":[{"taxonomy":"category","embeddable":true,"href":"http:\/\/fallacarteros.com\/index.php?rest_route=%2Fwp%2Fv2%2Fcategories&post=199"},{"taxonomy":"post_tag","embeddable":true,"href":"http:\/\/fallacarteros.com\/index.php?rest_route=%2Fwp%2Fv2%2Ftags&post=199"}],"curies":[{"name":"wp","href":"https:\/\/api.w.org\/{rel}","templated":true}]}}